{"id":26117,"date":"2020-08-11T12:56:52","date_gmt":"2020-08-11T10:56:52","guid":{"rendered":"https:\/\/www.frmr.ro\/?p=26117"},"modified":"2026-02-03T13:50:58","modified_gmt":"2026-02-03T11:50:58","slug":"incepe-activitatea-de-formare-in-cadrul-proiectului-e-solidar-pentru-economie-sociala-id-128455","status":"publish","type":"post","link":"https:\/\/fundatiaregala.ro\/en\/incepe-activitatea-de-formare-in-cadrul-proiectului-e-solidar-pentru-economie-sociala-id-128455\/","title":{"rendered":"The training activity within the project \u201c$E$-SOLIDAR for Social Economy\u201d, ID 128455, is starting"},"content":{"rendered":"<p><img decoding=\"async\" class=\"wp-image-26118 aligncenter\" src=\"https:\/\/fundatiaregala.ro\/wp-content\/uploads\/2020\/08\/E.jpg\" alt=\"\" width=\"774\" height=\"98\" \/><\/p>\n<p style=\"text-align: center;\" class=\"translation-block\"><strong>Announcement regarding the start of the training activity within the\u00a0<\/strong><strong>project\u00a0<\/strong><\/p>\n<p style=\"text-align: center;\"><strong>\u201c$E$-SOLIDAR for Social Economy\u201d, ID 128455\u00a0<\/strong><\/p>\n<p style=\"text-align: center;\" class=\"translation-block\">co-financed by the Human Capital Operational Program 2014 \u2013 2020, Priority Axis 4: Social inclusion and the fight against poverty, <strong>Specific Objective 4.16:<\/strong>. Strengthening the capacity of social economy enterprises to operate in a self-sustainable manner.<\/p>\n<p><strong>SC<\/strong> <strong>GLOBAL COMMERCIUM DEVELOPEMENT SRL, \u00een calitate de beneficiar deruleaz\u0103 \u00een <\/strong>\u00a0parteneriat cu <strong>FUNDA\u0162IA<\/strong> <strong>REGAL\u0102 MARGARETA A ROM\u00c2NIEI <\/strong>proiectul <strong>\u201e<\/strong><strong>$E$ &#8211; SOLIDAR pentru Economie Sociala\u201d<\/strong>, <strong>ID 128455<\/strong>.<\/p>\n<p>The project is implemented between 11.02.2020 and 10.05.2023 and is addressed to individuals from the South Muntenia and South-West Oltenia implementation regions who intend to establish a social business for the purpose of creating new jobs and developing local communities. The total value of the project is 13,858,844.13 RON, of which the non-reimbursable financing amounts to 13,693,147.38 RON.<\/p>\n<p class=\"translation-block\">The project's actions aim to support the establishment of 26 social enterprises in the South Muntenia and South-West regions by beneficiaries who receive comprehensive and integrated support. This includes specific entrepreneurial training measures, personalized support services, and optimal financing and monitoring, so that these social economy structures can become self-sustaining in the long term within the communities where they operate.<\/p>\n<p class=\"translation-block\">Between 11.08.2020 and 10.03.2021, the <strong>specific entrepreneurial training activity<\/strong> is scheduled, in which 150 individuals from the target group will participate. Those who are declared admitted following the target group selection process will enter the training program, and upon completing the courses and passing the final exam, they will receive a nationally recognized graduation certificate. The schedule of the training sessions will be communicated to the participants. Additional details regarding the actual implementation of the training will be published on the project partners\u2019 websites: <a href=\"http:\/\/www.globalcommercium.ro\/\" target=\"_self\">www.globalcommercium.ro\n<\/a> and <a href=\"https:\/\/fundatiaregala.ro\/en\/\" target=\"_self\">https:\/\/fundatiaregala.ro\/\n<\/a>.<\/p>\n<p><strong><strong>Project co-financed by the European Social Fund through the Human Capital Operational Program 2014 \u2013 2020.<\/strong><\/strong><\/p>\n<p>&nbsp;<\/p>\n<p><img decoding=\"async\" class=\"aligncenter size-full wp-image-26121\" src=\"https:\/\/fundatiaregala.ro\/wp-content\/uploads\/2020\/08\/ses-footer.jpg\" alt=\"\" width=\"988\" height=\"125\" \/><\/p>\n<p>&nbsp;<\/p>","protected":false},"excerpt":{"rendered":"<p>Anun\u021b\u00a0privind \u00eenceperea activit\u0103\u021bii de formare \u00een cadrul\u00a0proiectului\u00a0 \u201e$E$- SOLIDAR pentru Economie Social\u0103\u201d,\u00a0 ID 128455\u00a0 co-finan\u021bat din\u00a0Programul Opera\u021bional Capital Uman 2014 \u2013 2020, Axa prioritar\u0103 4: Incluziunea social\u0103 \u0219i combaterea s\u0103r\u0103ciei, \u00a0Obiectivul specific 4.16: Consolidarea capacit\u0103\u021bii \u00eentreprinderilor de economie social\u0103 de a func\u021biona \u00eentr-o manier\u0103 auto-sustenabil\u0103 SC GLOBAL COMMERCIUM DEVELOPEMENT SRL, \u00een calitate de beneficiar deruleaz\u0103 [&hellip;]<\/p>\n","protected":false},"author":1,"featured_media":38303,"comment_status":"open","ping_status":"open","sticky":false,"template":"","format":"standard","meta":{"footnotes":""},"categories":[35,33],"tags":[],"class_list":["post-26117","post","type-post","status-publish","format-standard","has-post-thumbnail","hentry","category-35","category-comunicate"],"_links":{"self":[{"href":"https:\/\/fundatiaregala.ro\/en\/wp-json\/wp\/v2\/posts\/26117","targetHints":{"allow":["GET"]}}],"collection":[{"href":"https:\/\/fundatiaregala.ro\/en\/wp-json\/wp\/v2\/posts"}],"about":[{"href":"https:\/\/fundatiaregala.ro\/en\/wp-json\/wp\/v2\/types\/post"}],"author":[{"embeddable":true,"href":"https:\/\/fundatiaregala.ro\/en\/wp-json\/wp\/v2\/users\/1"}],"replies":[{"embeddable":true,"href":"https:\/\/fundatiaregala.ro\/en\/wp-json\/wp\/v2\/comments?post=26117"}],"version-history":[{"count":1,"href":"https:\/\/fundatiaregala.ro\/en\/wp-json\/wp\/v2\/posts\/26117\/revisions"}],"predecessor-version":[{"id":38358,"href":"https:\/\/fundatiaregala.ro\/en\/wp-json\/wp\/v2\/posts\/26117\/revisions\/38358"}],"wp:featuredmedia":[{"embeddable":true,"href":"https:\/\/fundatiaregala.ro\/en\/wp-json\/wp\/v2\/media\/38303"}],"wp:attachment":[{"href":"https:\/\/fundatiaregala.ro\/en\/wp-json\/wp\/v2\/media?parent=26117"}],"wp:term":[{"taxonomy":"category","embeddable":true,"href":"https:\/\/fundatiaregala.ro\/en\/wp-json\/wp\/v2\/categories?post=26117"},{"taxonomy":"post_tag","embeddable":true,"href":"https:\/\/fundatiaregala.ro\/en\/wp-json\/wp\/v2\/tags?post=26117"}],"curies":[{"name":"wp","href":"https:\/\/api.w.org\/{rel}","templated":true}]}}