{"id":26696,"date":"2020-12-03T15:59:36","date_gmt":"2020-12-03T13:59:36","guid":{"rendered":"https:\/\/www.frmr.ro\/?p=26696"},"modified":"2026-02-03T13:37:45","modified_gmt":"2026-02-03T11:37:45","slug":"anunt-privind-privind-activitatea-de-formare-in-cadrul-proiectului-e-solidar-pentru-economie-sociala-id-128455","status":"publish","type":"post","link":"https:\/\/fundatiaregala.ro\/en\/anunt-privind-privind-activitatea-de-formare-in-cadrul-proiectului-e-solidar-pentru-economie-sociala-id-128455\/","title":{"rendered":"Announcement regarding training activities within the project \"$E$- SOLIDAR for Social Economy\", ID 128455"},"content":{"rendered":"<p><img decoding=\"async\" class=\"wp-image-26118 aligncenter\" src=\"https:\/\/fundatiaregala.ro\/wp-content\/uploads\/2020\/08\/E.jpg\" alt=\"\" width=\"774\" height=\"98\" \/><\/p>\n<p style=\"text-align: center;\" class=\"translation-block\"><strong>Announcement regarding training activities within the project \"$E$- SOLIDAR for Social Economy\", ID 128455<\/strong><\/p>\n<p style=\"text-align: center;\" class=\"translation-block\">co-financed by the Human Capital Operational Program 2014 \u2013 2020, Priority Axis 4: Social inclusion and the fight against poverty, <strong>Specific Objective 4.16:<\/strong>. Strengthening the capacity of social economy enterprises to operate in a self-sustainable manner.<\/p>\n<p><em>\u00a0<\/em><\/p>\n<p style=\"text-align: left;\"><strong>S.C.<\/strong> <strong>GLOBAL COMMERCIUM DEVELOPMENT S.R.L., \u00een calitate de beneficiar, deruleaz\u0103 \u00een <\/strong>\u00a0parteneriat cu <strong>FUNDA\u0162IA<\/strong> <strong>REGAL\u0102 MARGARETA A ROM\u00c2NIEI <\/strong>proiectul <strong>\u201e<\/strong><strong>$E$ &#8211; SOLIDAR pentru Economie Social\u0103\u201d<\/strong>, <strong>ID 128455<\/strong>.<\/p>\n<p style=\"text-align: left;\">The project is implemented between 11.02.2020 and 10.05.2023 and is addressed to individuals from the South Muntenia and South-West Oltenia implementation regions who intend to establish a social business for the purpose of creating new jobs and developing local communities. The total value of the project is 13,858,844.13 RON, of which the non-reimbursable financing amounts to 13,693,147.38 RON.<\/p>\n<p style=\"text-align: left;\" class=\"translation-block\">The project's actions aim to support the establishment of 26 social enterprises in the South Muntenia and South-West regions by beneficiaries who receive comprehensive and integrated support. This includes specific entrepreneurial training measures, personalized support services, and optimal financing and monitoring, so that these social economy structures can become self-sustaining in the long term within the communities where they operate.<\/p>\n<p style=\"text-align: left;\" class=\"translation-block\">Between 11.08.2020 and 10.03.2021, the specific entrepreneurial training activity is scheduled to take place, with 150 participants from the target group. Individuals admitted following the target group selection process will enter the training program; upon completing the courses and passing the final exam, they will obtain a nationally recognized graduation certificate. Between December 3 and 16, 2020, the second online professional training program for the occupation of \"Social Enterprise Manager\" will take place for 28 individuals from the target group in the South Muntenia region. The schedule for the training sessions will be communicated to the students. Additional details regarding the training activities will be published on the project partners' websites: www.globalcommercium.ro and fundatiaregala.ro.<\/p>\n<p style=\"text-align: left;\"><strong><strong>Project co-financed by the European Social Fund through the Human Capital Operational Program 2014 \u2013 2020.<\/strong><\/strong><\/p>\n<p><img decoding=\"async\" class=\"aligncenter\" src=\"https:\/\/fundatiaregala.ro\/wp-content\/uploads\/2020\/08\/ses-footer.jpg\" width=\"862\" height=\"109\" \/><\/p>","protected":false},"excerpt":{"rendered":"<p>Anun\u021b\u00a0privind activitatea de formare \u00een cadrul proiectului\u00a0\u201e$E$- SOLIDAR pentru Economie Social\u0103\u201d,\u00a0 ID 128455\u00a0 co-finan\u021bat din\u00a0Programul Opera\u021bional Capital Uman 2014 \u2013 2020, Axa prioritar\u0103 4: Incluziunea social\u0103 \u0219i combaterea s\u0103r\u0103ciei, \u00a0Obiectivul specific 4.16: Consolidarea capacit\u0103\u021bii \u00eentreprinderilor de economie social\u0103 de a func\u021biona \u00eentr-o manier\u0103 auto-sustenabil\u0103 \u00a0 S.C. GLOBAL COMMERCIUM DEVELOPMENT S.R.L., \u00een calitate de beneficiar, deruleaz\u0103 [&hellip;]<\/p>\n","protected":false},"author":1,"featured_media":38341,"comment_status":"open","ping_status":"open","sticky":false,"template":"","format":"standard","meta":{"footnotes":""},"categories":[35,33],"tags":[],"class_list":["post-26696","post","type-post","status-publish","format-standard","has-post-thumbnail","hentry","category-35","category-comunicate"],"_links":{"self":[{"href":"https:\/\/fundatiaregala.ro\/en\/wp-json\/wp\/v2\/posts\/26696","targetHints":{"allow":["GET"]}}],"collection":[{"href":"https:\/\/fundatiaregala.ro\/en\/wp-json\/wp\/v2\/posts"}],"about":[{"href":"https:\/\/fundatiaregala.ro\/en\/wp-json\/wp\/v2\/types\/post"}],"author":[{"embeddable":true,"href":"https:\/\/fundatiaregala.ro\/en\/wp-json\/wp\/v2\/users\/1"}],"replies":[{"embeddable":true,"href":"https:\/\/fundatiaregala.ro\/en\/wp-json\/wp\/v2\/comments?post=26696"}],"version-history":[{"count":1,"href":"https:\/\/fundatiaregala.ro\/en\/wp-json\/wp\/v2\/posts\/26696\/revisions"}],"predecessor-version":[{"id":38340,"href":"https:\/\/fundatiaregala.ro\/en\/wp-json\/wp\/v2\/posts\/26696\/revisions\/38340"}],"wp:featuredmedia":[{"embeddable":true,"href":"https:\/\/fundatiaregala.ro\/en\/wp-json\/wp\/v2\/media\/38341"}],"wp:attachment":[{"href":"https:\/\/fundatiaregala.ro\/en\/wp-json\/wp\/v2\/media?parent=26696"}],"wp:term":[{"taxonomy":"category","embeddable":true,"href":"https:\/\/fundatiaregala.ro\/en\/wp-json\/wp\/v2\/categories?post=26696"},{"taxonomy":"post_tag","embeddable":true,"href":"https:\/\/fundatiaregala.ro\/en\/wp-json\/wp\/v2\/tags?post=26696"}],"curies":[{"name":"wp","href":"https:\/\/api.w.org\/{rel}","templated":true}]}}