{"id":27041,"date":"2021-01-07T10:31:51","date_gmt":"2021-01-07T08:31:51","guid":{"rendered":"https:\/\/www.frmr.ro\/?p=27041"},"modified":"2026-02-03T13:32:37","modified_gmt":"2026-02-03T11:32:37","slug":"anunt-privind-derularea-selectiei-grupului-tinta-in-cadrul-proiectului-e-solidar-pentru-economie-sociala-id-128455-2","status":"publish","type":"post","link":"https:\/\/fundatiaregala.ro\/en\/anunt-privind-derularea-selectiei-grupului-tinta-in-cadrul-proiectului-e-solidar-pentru-economie-sociala-id-128455-2\/","title":{"rendered":"Announcement regarding the selection of the target group within the project \"$E$- SOLIDAR for Social Economy\", ID 128455"},"content":{"rendered":"<p class=\"translation-block\"><strong>Announcement regarding the selection of the target group within the project \"$E$- SOLIDAR for Social Economy\", ID 128455<\/strong>, co-financed through the Human Capital Operational Program 2014 \u2013 2020, Priority Axis 4: Social inclusion and the fight against poverty, Specific Objective 4.16: Strengthening the capacity of social economy enterprises to operate in a self-sustainable manner.<\/p>\n<p class=\"translation-block\">The project <strong>\"$E$ \u2013 SOLIDAR for Social Economy\", ID 128455<\/strong>, carried out by SC GLOBAL COMMERCIUM DEVELOPMENT SRL in partnership with The Margareta of Romania Royal Foundation, is being implemented between 11.02.2020 and 10.05.2023. It is addressed to individuals from the South Muntenia and South-West Oltenia implementation regions who intend to establish a social business for the purpose of creating new jobs and developing local communities.<\/p>\n<p class=\"translation-block\">The project's actions aim to support the establishment of 26 social enterprises in the South Muntenia and South-West regions by beneficiaries who receive comprehensive and integrated support. This includes specific entrepreneurial training measures, personalized support services, and optimal financing and monitoring, so that these social economy structures can become self-sustaining in the long term within the communities where they operate.<\/p>\n<p class=\"translation-block\">Currently, <strong>Target Group Selection<\/strong> activities are underway, allowing those interested to participate in the support actions organized within the project.<\/p>\n<p class=\"translation-block\"><strong>Individuals wishing to enroll<\/strong> can consult the sections dedicated to the project on the websites of the two project partners: <a href=\"http:\/\/www.globalcommercium.ro\/\" target=\"_self\">www.globalcommercium.ro<\/a> and <a href=\"http:\/\/www.frmr.ro\" target=\"_self\">fundatiaregala.ro\/<\/a>, in order to access the information and documents necessary for this process.<\/p>\n<p>For further details, you may contact us at:<br \/>\nSC GLOBAL COMMERCIUM DEVELOPMENT SRL, telefon: 0371 600 421, e-mail: <a href=\"mailto:info@globalcommercium.ro\">info@globalcommercium.ro<\/a><br \/>\nFUNDA\u0162IA REGAL\u0102 MARGARETA A ROM\u00c2NIEI, telefon: 0730 071 263, e-mail <a href=\"mailto:viorica.chiru@principesa.ro\">viorica.chiru@principesa.ro<\/a> .<\/p>\n<p><strong><strong>Project co-financed by the European Social Fund through the Human Capital Operational Program 2014 \u2013 2020.<\/strong><\/strong><\/p>","protected":false},"excerpt":{"rendered":"<p>Anun\u021b privind derularea selec\u021biei grupului \u021bint\u0103 \u00een cadrul proiectului\u00a0\u201e$E$- SOLIDAR pentru Economie Social\u0103\u201d,\u00a0 ID 128455\u00a0co-finan\u021bat prin\u00a0Programul Opera\u021bional Capital Uman 2014 \u2013 2020, Axa prioritar\u0103 4: Incluziunea social\u0103 \u0219i combaterea s\u0103r\u0103ciei, \u00a0Obiectivul specific 4.16: Consolidarea capacit\u0103\u021bii \u00eentreprinderilor de economie social\u0103 de a func\u021biona \u00eentr-o manier\u0103 auto-sustenabil\u0103 Proiectul \u201e$E$ &#8211; SOLIDAR pentru Economie Social\u0103\u201d, ID 128455,\u00a0 derulat [&hellip;]<\/p>\n","protected":false},"author":1,"featured_media":38325,"comment_status":"open","ping_status":"open","sticky":false,"template":"","format":"standard","meta":{"footnotes":""},"categories":[27,33],"tags":[],"class_list":["post-27041","post","type-post","status-publish","format-standard","has-post-thumbnail","hentry","category-27","category-comunicate"],"_links":{"self":[{"href":"https:\/\/fundatiaregala.ro\/en\/wp-json\/wp\/v2\/posts\/27041","targetHints":{"allow":["GET"]}}],"collection":[{"href":"https:\/\/fundatiaregala.ro\/en\/wp-json\/wp\/v2\/posts"}],"about":[{"href":"https:\/\/fundatiaregala.ro\/en\/wp-json\/wp\/v2\/types\/post"}],"author":[{"embeddable":true,"href":"https:\/\/fundatiaregala.ro\/en\/wp-json\/wp\/v2\/users\/1"}],"replies":[{"embeddable":true,"href":"https:\/\/fundatiaregala.ro\/en\/wp-json\/wp\/v2\/comments?post=27041"}],"version-history":[{"count":1,"href":"https:\/\/fundatiaregala.ro\/en\/wp-json\/wp\/v2\/posts\/27041\/revisions"}],"predecessor-version":[{"id":38322,"href":"https:\/\/fundatiaregala.ro\/en\/wp-json\/wp\/v2\/posts\/27041\/revisions\/38322"}],"wp:featuredmedia":[{"embeddable":true,"href":"https:\/\/fundatiaregala.ro\/en\/wp-json\/wp\/v2\/media\/38325"}],"wp:attachment":[{"href":"https:\/\/fundatiaregala.ro\/en\/wp-json\/wp\/v2\/media?parent=27041"}],"wp:term":[{"taxonomy":"category","embeddable":true,"href":"https:\/\/fundatiaregala.ro\/en\/wp-json\/wp\/v2\/categories?post=27041"},{"taxonomy":"post_tag","embeddable":true,"href":"https:\/\/fundatiaregala.ro\/en\/wp-json\/wp\/v2\/tags?post=27041"}],"curies":[{"name":"wp","href":"https:\/\/api.w.org\/{rel}","templated":true}]}}