{"id":27533,"date":"2021-03-29T14:44:40","date_gmt":"2021-03-29T12:44:40","guid":{"rendered":"https:\/\/www.frmr.ro\/?p=27533"},"modified":"2026-02-03T13:17:33","modified_gmt":"2026-02-03T11:17:33","slug":"anunt-privind-prelungirea-perioadei-de-implementare-a-activitatii-de-selectare-a-planurilor-afaceri-sociale-ce-vor-fi-finantate-in-cadrul-proiectului-e-solidar-pentru-economie-sociala","status":"publish","type":"post","link":"https:\/\/fundatiaregala.ro\/en\/anunt-privind-prelungirea-perioadei-de-implementare-a-activitatii-de-selectare-a-planurilor-afaceri-sociale-ce-vor-fi-finantate-in-cadrul-proiectului-e-solidar-pentru-economie-sociala\/","title":{"rendered":"Announcement regarding the extension of the implementation period of the activity for selecting social business plans to be funded under the project \u201c$E$ \u2013 SOLIDAR for Social Economy\u201d, ID 128455"},"content":{"rendered":"<p class=\"translation-block\">Announcement regarding the extension of the implementation period of the activity for selecting social business plans to be funded under the project \u201c$E$ \u2013 SOLIDAR for Social Economy\u201d, ID 128455, <em>co-financed by the Human Capital Operational Programme 2014\u20132020, <strong>Priority Axis 4<\/strong>: Social inclusion and combating poverty, <strong>Specific Objective 4.16<\/strong>: Strengthening the capacity of social economy enterprises to operate in a self-sustainable manner<\/em><\/p>\n<p><strong>SC<\/strong> <strong>GLOBAL COMMERCIUM DEVELOPEMENT SRL, \u00een calitate de beneficiar, deruleaz\u0103 \u00een <\/strong>\u00a0parteneriat cu <strong>FUNDA\u0162IA<\/strong> <strong>REGAL\u0102 MARGARETA A ROM\u00c2NIEI <\/strong>proiectul <strong>\u201e<\/strong><strong>$E$ &#8211; SOLIDAR pentru Economie Social\u0103\u201d<\/strong>, <strong>ID 128455<\/strong>.<\/p>\n<p>The project is implemented during the period 11.02.2020 \u2013 10.07.2023 and targets individuals from the South Muntenia and South-West Oltenia implementation regions who intend to establish a social enterprise with the purpose of creating new jobs and developing local communities. The total value of the project is RON 13,858,844.13, of which the non-reimbursable funding amounts to RON 13,693,147.38.<\/p>\n<p class=\"translation-block\">The project's actions aim to support the establishment of 26 social enterprises in the South Muntenia and South-West regions by beneficiaries who receive comprehensive and integrated support. This includes specific entrepreneurial training measures, personalized support services, and optimal financing and monitoring, so that these social economy structures can become self-sustaining in the long term within the communities where they operate.<\/p>\n<p class=\"translation-block\">The activity <em><strong>Selection of social business plans to be funded under the project<\/em><\/strong>, which aims to select 26 social business plans plus 6 reserve plans, is extended until 10.07.2021, in accordance with the new amendments to the financing contract. In the coming period, the Methodology for the selection of social business plans, together with the specific annexes to the application file, will be uploaded on the project partners\u2019 websites (<a href=\"http:\/\/www.globalcommercium.ro\" target=\"_self\">www.globalcommercium.ro<\/a> and <a href=\"http:\/\/www.frmr.ro\" target=\"_self\">fundatiaregala.ro\/<\/a>).<\/p>\n<p>Persons who wish to participate in the competition for the selection of social business plans organized under the project \u201c$E$ \u2013 SOLIDAR for Social Economy\u201d can access the necessary information\/documents for this process on the project partners\u2019 websites and may also request additional details at:<\/p>\n<p>SC GLOBAL COMMERCIUM DEVELOPMENT SRL\nPhone: +40 371 600 421,\nE-mail: info@globalcommercium.ro<\/p>\n<p>ROYAL MARGARET OF ROMANIA FOUNDATION\nPhone: +40 730 071 263, E-mail: viorica.chiru@principesa.ro<\/p>\n<p><img decoding=\"async\" class=\"aligncenter size-large wp-image-27273\" src=\"https:\/\/fundatiaregala.ro\/wp-content\/uploads\/2021\/02\/SES-1024x384.png\" alt=\"\" width=\"1024\" height=\"384\" \/><\/p>","protected":false},"excerpt":{"rendered":"<p>Anun\u021b privind prelungirea perioadei de implementare a activit\u0103\u021bii de selectare a planurilor afaceri sociale ce vor fi finan\u021bate \u00een cadrul proiectului \u201e$E$- SOLIDAR pentru Economie Social\u0103\u201d,\u00a0 ID 128455, co-finan\u021bat din\u00a0Programul Opera\u021bional Capital Uman 2014 \u2013 2020, Axa prioritar\u0103 4: Incluziunea social\u0103 \u0219i combaterea s\u0103r\u0103ciei, \u00a0Obiectivul specific 4.16: Consolidarea capacit\u0103\u021bii \u00eentreprinderilor de economie social\u0103 de a [&hellip;]<\/p>\n","protected":false},"author":1,"featured_media":38303,"comment_status":"open","ping_status":"open","sticky":false,"template":"","format":"standard","meta":{"footnotes":""},"categories":[27,33],"tags":[],"class_list":["post-27533","post","type-post","status-publish","format-standard","has-post-thumbnail","hentry","category-27","category-comunicate"],"_links":{"self":[{"href":"https:\/\/fundatiaregala.ro\/en\/wp-json\/wp\/v2\/posts\/27533","targetHints":{"allow":["GET"]}}],"collection":[{"href":"https:\/\/fundatiaregala.ro\/en\/wp-json\/wp\/v2\/posts"}],"about":[{"href":"https:\/\/fundatiaregala.ro\/en\/wp-json\/wp\/v2\/types\/post"}],"author":[{"embeddable":true,"href":"https:\/\/fundatiaregala.ro\/en\/wp-json\/wp\/v2\/users\/1"}],"replies":[{"embeddable":true,"href":"https:\/\/fundatiaregala.ro\/en\/wp-json\/wp\/v2\/comments?post=27533"}],"version-history":[{"count":1,"href":"https:\/\/fundatiaregala.ro\/en\/wp-json\/wp\/v2\/posts\/27533\/revisions"}],"predecessor-version":[{"id":38300,"href":"https:\/\/fundatiaregala.ro\/en\/wp-json\/wp\/v2\/posts\/27533\/revisions\/38300"}],"wp:featuredmedia":[{"embeddable":true,"href":"https:\/\/fundatiaregala.ro\/en\/wp-json\/wp\/v2\/media\/38303"}],"wp:attachment":[{"href":"https:\/\/fundatiaregala.ro\/en\/wp-json\/wp\/v2\/media?parent=27533"}],"wp:term":[{"taxonomy":"category","embeddable":true,"href":"https:\/\/fundatiaregala.ro\/en\/wp-json\/wp\/v2\/categories?post=27533"},{"taxonomy":"post_tag","embeddable":true,"href":"https:\/\/fundatiaregala.ro\/en\/wp-json\/wp\/v2\/tags?post=27533"}],"curies":[{"name":"wp","href":"https:\/\/api.w.org\/{rel}","templated":true}]}}