{"id":27778,"date":"2021-05-17T13:32:17","date_gmt":"2021-05-17T11:32:17","guid":{"rendered":"https:\/\/www.frmr.ro\/?p=27778"},"modified":"2026-02-03T13:08:54","modified_gmt":"2026-02-03T11:08:54","slug":"s-a-lansat-concursul-de-planuri-de-afaceri-sociale-in-cadrul-proiectului-e-solidar-pentru-economie-sociala","status":"publish","type":"post","link":"https:\/\/fundatiaregala.ro\/en\/s-a-lansat-concursul-de-planuri-de-afaceri-sociale-in-cadrul-proiectului-e-solidar-pentru-economie-sociala\/","title":{"rendered":"The Social Business Plans Competition has been launched within the project $E$ \u2013 SOLIDAR for Social Economy"},"content":{"rendered":"<p class=\"translation-block\">Announcement regarding the launch of the Social Business Plans Competition, starting on May 17, within the project \u201c$E$ \u2013 SOLIDAR for Social Economy,\u201d ID 128455, <em>co-financed by the Human Capital Operational Programme 2014\u20132020, Priority <strong>Axis 4<\/strong>: Social inclusion and combating poverty, Specific <strong>Objective 4.16<\/strong>: Strengthening the capacity of social economy enterprises to operate in a self-sustainable manner<\/em>.<\/p>\n<p>The methodology for organizing, evaluating, and selecting the business plans can be downloaded <strong><a href=\"https:\/\/fundatiaregala.ro\/wp-content\/uploads\/2021\/05\/Metodologie-de-organizare-a-selectiei-PA_128455.pdf\">HERE<\/a><\/strong>.<\/p>\n<p>The forms, in editable format, can be downloaded <strong><a href=\"https:\/\/fundatiaregala.ro\/wp-content\/uploads\/2021\/05\/Anexe-opis-Dosar-depunere-concurs-PA_128455-editabile.pdf\">HERE<\/a><\/strong>.<\/p>\n<p><strong>SC<\/strong> <strong>GLOBAL COMMERCIUM DEVELOPEMENT SRL, \u00een calitate de beneficiar, deruleaz\u0103 \u00een <\/strong>\u00a0parteneriat cu <strong>FUNDA\u0162IA<\/strong> <strong>REGAL\u0102 MARGARETA A ROM\u00c2NIEI <\/strong>proiectul <strong>\u201e<\/strong><strong>$E$ &#8211; SOLIDAR pentru Economie Social\u0103\u201d<\/strong>, <strong>ID 128455<\/strong>.<\/p>\n<p>&nbsp;<\/p>\n<p><img decoding=\"async\" class=\"aligncenter size-large wp-image-27273\" src=\"https:\/\/fundatiaregala.ro\/wp-content\/uploads\/2021\/02\/SES-1024x384.png\" alt=\"\" width=\"1024\" height=\"384\" \/><\/p>\n<p>&nbsp;<\/p>","protected":false},"excerpt":{"rendered":"<p>Anun\u021b privind lansarea Concursului de planuri de afaceri sociale, \u00eencep\u00e2nd cu 17 mai, \u00een cadrul proiectului \u201e$E$- SOLIDAR pentru Economie Social\u0103\u201d,\u00a0 ID 128455, co-finan\u021bat din\u00a0Programul Opera\u021bional Capital Uman 2014 \u2013 2020, Axa prioritar\u0103 4: Incluziunea social\u0103 \u0219i combaterea s\u0103r\u0103ciei, \u00a0Obiectivul specific 4.16: Consolidarea capacit\u0103\u021bii \u00eentreprinderilor de economie social\u0103 de a func\u021biona \u00eentr-o manier\u0103 auto-sustenabil\u0103. Metodologia [&hellip;]<\/p>\n","protected":false},"author":1,"featured_media":38284,"comment_status":"open","ping_status":"open","sticky":false,"template":"","format":"standard","meta":{"footnotes":""},"categories":[27,33],"tags":[],"class_list":["post-27778","post","type-post","status-publish","format-standard","has-post-thumbnail","hentry","category-27","category-comunicate"],"_links":{"self":[{"href":"https:\/\/fundatiaregala.ro\/en\/wp-json\/wp\/v2\/posts\/27778","targetHints":{"allow":["GET"]}}],"collection":[{"href":"https:\/\/fundatiaregala.ro\/en\/wp-json\/wp\/v2\/posts"}],"about":[{"href":"https:\/\/fundatiaregala.ro\/en\/wp-json\/wp\/v2\/types\/post"}],"author":[{"embeddable":true,"href":"https:\/\/fundatiaregala.ro\/en\/wp-json\/wp\/v2\/users\/1"}],"replies":[{"embeddable":true,"href":"https:\/\/fundatiaregala.ro\/en\/wp-json\/wp\/v2\/comments?post=27778"}],"version-history":[{"count":1,"href":"https:\/\/fundatiaregala.ro\/en\/wp-json\/wp\/v2\/posts\/27778\/revisions"}],"predecessor-version":[{"id":38279,"href":"https:\/\/fundatiaregala.ro\/en\/wp-json\/wp\/v2\/posts\/27778\/revisions\/38279"}],"wp:featuredmedia":[{"embeddable":true,"href":"https:\/\/fundatiaregala.ro\/en\/wp-json\/wp\/v2\/media\/38284"}],"wp:attachment":[{"href":"https:\/\/fundatiaregala.ro\/en\/wp-json\/wp\/v2\/media?parent=27778"}],"wp:term":[{"taxonomy":"category","embeddable":true,"href":"https:\/\/fundatiaregala.ro\/en\/wp-json\/wp\/v2\/categories?post=27778"},{"taxonomy":"post_tag","embeddable":true,"href":"https:\/\/fundatiaregala.ro\/en\/wp-json\/wp\/v2\/tags?post=27778"}],"curies":[{"name":"wp","href":"https:\/\/api.w.org\/{rel}","templated":true}]}}