{"id":27844,"date":"2021-06-16T11:58:36","date_gmt":"2021-06-16T09:58:36","guid":{"rendered":"https:\/\/www.frmr.ro\/?p=27844"},"modified":"2026-02-03T12:58:42","modified_gmt":"2026-02-03T10:58:42","slug":"s-a-lansat-concursul-de-planuri-de-afaceri-sociale-in-cadrul-proiectului-e-solidar-pentru-economie-sociala-2","status":"publish","type":"post","link":"https:\/\/fundatiaregala.ro\/en\/s-a-lansat-concursul-de-planuri-de-afaceri-sociale-in-cadrul-proiectului-e-solidar-pentru-economie-sociala-2\/","title":{"rendered":"The interim list with the results of Phase A of the selection of social business plans within the project \u201c$E$ \u2013 SOLIDAR for Social Economy\u201d has been published"},"content":{"rendered":"<p class=\"translation-block\"><strong>Within the project POCU\/449\/4\/16\/128455 \u2013 \u201c$E$ \u2013 SOLIDAR for Social Economy,\u201d the interim list with the results of Phase A of the selection of social business plans to be funded under the project has been published.<\/strong><\/p>\n<p class=\"translation-block\">It can be consulted here: <a href=\"http:\/\/globalcommercium.ro\/wp-content\/uploads\/2021\/06\/Lista-intermediara-rezultate-faza-A_16-iunie-2021.pdf\" target=\"_self\">Lista-intermediara-rezultate-faza-A_16-iunie-2021.pdf (globalcommercium.ro)<\/a><\/p>\n<p>The evaluation result may be contested only once. Appeals can be submitted on June 17, 2021, at the headquarters of S.C. Global Commercium Development S.R.L. (51\u201353 Clucerului Street, 4th floor, Apt. 10, Sector 1, Bucharest), between 9:00 AM and 5:00 PM, or by email at: info@globalcommercium.ro.<\/p>\n<p><strong>SC<\/strong> <strong>GLOBAL COMMERCIUM DEVELOPEMENT SRL, \u00een calitate de beneficiar, deruleaz\u0103 \u00een <\/strong>\u00a0parteneriat cu <strong>FUNDA\u0162IA<\/strong> <strong>REGAL\u0102 MARGARETA A ROM\u00c2NIEI <\/strong>proiectul <strong>\u201e<\/strong><strong>$E$ &#8211; SOLIDAR pentru Economie Social\u0103\u201d<\/strong>, <strong>ID 128455<\/strong>.<\/p>\n<p>&nbsp;<\/p>\n<p><img decoding=\"async\" class=\"aligncenter size-large wp-image-27273\" src=\"https:\/\/fundatiaregala.ro\/wp-content\/uploads\/2021\/02\/SES-1024x384.png\" alt=\"\" width=\"1024\" height=\"384\" \/><\/p>\n<p>&nbsp;<\/p>","protected":false},"excerpt":{"rendered":"<p>\u00cen cadrul proiectului POCU\/449\/4\/16\/128455\u00a0\u2013 \u201e$E$ \u2013 SOLIDAR pentru Economie Social\u0103\u201d a fost publicat\u0103 lista intermediar\u0103 cu rezultatele fazei A a selec\u021biei planurilor de afaceri sociale ce vor fi finan\u021bate \u00een cadrul proiectului. Aceasta poate fi consultata aici: Lista-intermediara-rezultate-faza-A_16-iunie-2021.pdf (globalcommercium.ro) Rezultatul evalu\u0103rii se poate contesta o singur\u0103 dat\u0103. Contesta\u021biile se pot depune \u00een data de 17 [&hellip;]<\/p>\n","protected":false},"author":1,"featured_media":38281,"comment_status":"open","ping_status":"open","sticky":false,"template":"","format":"standard","meta":{"footnotes":""},"categories":[27,33],"tags":[],"class_list":["post-27844","post","type-post","status-publish","format-standard","has-post-thumbnail","hentry","category-27","category-comunicate"],"_links":{"self":[{"href":"https:\/\/fundatiaregala.ro\/en\/wp-json\/wp\/v2\/posts\/27844","targetHints":{"allow":["GET"]}}],"collection":[{"href":"https:\/\/fundatiaregala.ro\/en\/wp-json\/wp\/v2\/posts"}],"about":[{"href":"https:\/\/fundatiaregala.ro\/en\/wp-json\/wp\/v2\/types\/post"}],"author":[{"embeddable":true,"href":"https:\/\/fundatiaregala.ro\/en\/wp-json\/wp\/v2\/users\/1"}],"replies":[{"embeddable":true,"href":"https:\/\/fundatiaregala.ro\/en\/wp-json\/wp\/v2\/comments?post=27844"}],"version-history":[{"count":1,"href":"https:\/\/fundatiaregala.ro\/en\/wp-json\/wp\/v2\/posts\/27844\/revisions"}],"predecessor-version":[{"id":38277,"href":"https:\/\/fundatiaregala.ro\/en\/wp-json\/wp\/v2\/posts\/27844\/revisions\/38277"}],"wp:featuredmedia":[{"embeddable":true,"href":"https:\/\/fundatiaregala.ro\/en\/wp-json\/wp\/v2\/media\/38281"}],"wp:attachment":[{"href":"https:\/\/fundatiaregala.ro\/en\/wp-json\/wp\/v2\/media?parent=27844"}],"wp:term":[{"taxonomy":"category","embeddable":true,"href":"https:\/\/fundatiaregala.ro\/en\/wp-json\/wp\/v2\/categories?post=27844"},{"taxonomy":"post_tag","embeddable":true,"href":"https:\/\/fundatiaregala.ro\/en\/wp-json\/wp\/v2\/tags?post=27844"}],"curies":[{"name":"wp","href":"https:\/\/api.w.org\/{rel}","templated":true}]}}