{"id":31729,"date":"2023-05-09T15:58:30","date_gmt":"2023-05-09T13:58:30","guid":{"rendered":"https:\/\/www.frmr.ro\/?p=31729"},"modified":"2026-02-02T14:37:21","modified_gmt":"2026-02-02T12:37:21","slug":"granturi-de-pana-la-30-000-lei-prin-fondul-pentru-varstnici","status":"publish","type":"post","link":"https:\/\/fundatiaregala.ro\/en\/granturi-de-pana-la-30-000-lei-prin-fondul-pentru-varstnici\/","title":{"rendered":"Grants of up to 30,000 lei through the Fund for Elderly People"},"content":{"rendered":"<p class=\"translation-block\"><strong>The Margareta of Romania Royal Foundation<\/strong> is launching the second call for grant applications within the Fund for Elderly People program, offering funding of up to <strong>30,000 lei<\/strong> for NGOs active in the field of social protection of elderly people in Romania. <strong>The Fund for Elderly People<\/strong> supports elderly people across the country who are affected by loneliness, limited mobility, poor health, poverty, or social exclusion, and provides funding to organizations addressing these needs by developing innovative intergenerational activities. Through these initiatives, elderly people are given the opportunity to participate in social life and to rediscover their own role within the community.<\/p>\n<p><strong><strong>The 2023\u20132024 edition of the program provides grants ranging from 15,000 to 30,000 lei, depending on the proposed number of beneficiaries, for projects lasting 8 to 12 months. Eligible applicants are Romanian nongovernmental organizations active in the field of social protection of elderly people, with an annual budget not exceeding \u20ac500,000.<\/strong><\/strong><\/p>\n<p class=\"translation-block\">The program aims to fund projects that:<\/p>\n<ul>\n<li>Improve the quality of life of elderly people in Romania;<\/li>\n<li>Increase or strengthen the intergenerational approach within the organization\u2019s ongoing activities;<\/li>\n<li>Improve access to care services for elderly people in Romania;<\/li>\n<li>Improve housing conditions and protection for elderly people in Romania;<\/li>\n<li>Expand direct social services addressed to elderly people in Romania;<\/li>\n<li>Increase the level of active civic engagement in advocating for public policies that positively impact elderly people in Romania.<\/li>\n<\/ul>\n<p>&nbsp;<\/p>\n<p><strong>Timeline:<\/strong><\/p>\n<ul>\n<li>Submission of applications by email: May 9 \u2013 19, 2023<\/li>\n<li>Selection period: May 22 \u2013 24, 2023<\/li>\n<li>Announcement of selected projects: May 24, 2023<\/li>\n<li>Signing of funding agreements: May 24 \u2013 31, 2023<\/li>\n<li>Project implementation period: June 1, 2023 \u2013 May 31, 2024<\/li>\n<\/ul>\n<p>&nbsp;<\/p>\n<p>Please access the guidelines and required application documents below:<\/p>\n<ul>\n<li><a href=\"https:\/\/fundatiaregala.ro\/wp-content\/uploads\/2023\/05\/Regulament-FPV-2023-2024_final.pdf\" target=\"_blank\" rel=\"noopener\"><strong>Rules:<\/strong><\/a> Fund for Elderly People Guidelines 2023\u20132024<\/li>\n<li class=\"translation-block\">Fund for Elderly People <a href=\"https:\/\/fundatiaregala.ro\/wp-content\/uploads\/2023\/05\/Cerere-de-finantare-FPV-2023-2024_final.docx\" target=\"_blank\" rel=\"noopener\"><strong>Grant Application Form 2023\u20132024<\/strong><\/a><\/li>\n<li class=\"translation-block\"><strong>Annex 1 \u2013 Project Budget Template<\/strong>, Fund for Elderly People 2023\u20132024<\/li>\n<\/ul>\n<p>&nbsp;<\/p>\n<p class=\"translation-block\"><strong>Contact person for further details and submission of applications:<\/strong>\nSorin Marinescu, Program Coordinator \u2013 Fund for Elderly People\nsorin.marinescu@fundatiaregala.ro\n+40 729 013 365<\/p>","protected":false},"excerpt":{"rendered":"<p>Funda\u021bia Regal\u0103 Margareta a Rom\u00e2niei lanseaz\u0103 cel de-al doilea apel pentru granturi \u00een cadrul programului Fondul pentru V\u00e2rstnici, cu finan\u021bare de p\u00e2n\u0103 la 30.000 lei, pentru ONG-uri care activeaz\u0103 \u00een domeniul protec\u021biei sociale a persoanelor v\u00e2rstnice din Rom\u00e2nia. Fondul pentru V\u00e2rstnici vine \u00een sprijinul seniorilor din orice zon\u0103 a \u021b\u0103rii, afecta\u021bi de singur\u0103tate, imobilitate fizic\u0103, [&hellip;]<\/p>\n","protected":false},"author":1,"featured_media":38146,"comment_status":"open","ping_status":"open","sticky":false,"template":"","format":"standard","meta":{"footnotes":""},"categories":[25,33],"tags":[],"class_list":["post-31729","post","type-post","status-publish","format-standard","has-post-thumbnail","hentry","category-25","category-comunicate"],"_links":{"self":[{"href":"https:\/\/fundatiaregala.ro\/en\/wp-json\/wp\/v2\/posts\/31729","targetHints":{"allow":["GET"]}}],"collection":[{"href":"https:\/\/fundatiaregala.ro\/en\/wp-json\/wp\/v2\/posts"}],"about":[{"href":"https:\/\/fundatiaregala.ro\/en\/wp-json\/wp\/v2\/types\/post"}],"author":[{"embeddable":true,"href":"https:\/\/fundatiaregala.ro\/en\/wp-json\/wp\/v2\/users\/1"}],"replies":[{"embeddable":true,"href":"https:\/\/fundatiaregala.ro\/en\/wp-json\/wp\/v2\/comments?post=31729"}],"version-history":[{"count":1,"href":"https:\/\/fundatiaregala.ro\/en\/wp-json\/wp\/v2\/posts\/31729\/revisions"}],"predecessor-version":[{"id":38144,"href":"https:\/\/fundatiaregala.ro\/en\/wp-json\/wp\/v2\/posts\/31729\/revisions\/38144"}],"wp:featuredmedia":[{"embeddable":true,"href":"https:\/\/fundatiaregala.ro\/en\/wp-json\/wp\/v2\/media\/38146"}],"wp:attachment":[{"href":"https:\/\/fundatiaregala.ro\/en\/wp-json\/wp\/v2\/media?parent=31729"}],"wp:term":[{"taxonomy":"category","embeddable":true,"href":"https:\/\/fundatiaregala.ro\/en\/wp-json\/wp\/v2\/categories?post=31729"},{"taxonomy":"post_tag","embeddable":true,"href":"https:\/\/fundatiaregala.ro\/en\/wp-json\/wp\/v2\/tags?post=31729"}],"curies":[{"name":"wp","href":"https:\/\/api.w.org\/{rel}","templated":true}]}}