{"id":32491,"date":"2023-08-22T15:42:48","date_gmt":"2023-08-22T13:42:48","guid":{"rendered":"https:\/\/www.frmr.ro\/?p=32491"},"modified":"2026-02-02T14:24:23","modified_gmt":"2026-02-02T12:24:23","slug":"muzicieni-de-exceptie-pe-scena-ateneului-roman-la-concertul-regal-caritabil-din-25-octombrie","status":"publish","type":"post","link":"https:\/\/fundatiaregala.ro\/en\/muzicieni-de-exceptie-pe-scena-ateneului-roman-la-concertul-regal-caritabil-din-25-octombrie\/","title":{"rendered":"Exceptional Musicians on the Stage of the Romanian Athenaeum at the Royal Charity Concert on October 25"},"content":{"rendered":"<p><strong>The Royal Charity Concert, organized by the Margareta Royal Foundation of Romania, one of the longest-running and most successful fundraising events in the country, returns to the Romanian Athenaeum on October 25 for its 14th edition. \u00a0<\/strong><\/p>\n<p class=\"translation-block\">This remarkable musical evening brings together outstanding Romanian musicians in support of the country\u2019s talented young artists and will take place in the presence of the Romanian Royal Family. Tickets are available at <a href=\"http:\/\/www.frmr.ro\/concert-regal\" target=\"_self\">fundatiaregala.ro\/concert-regal<\/a>.<\/p>\n<p>Every year, this prestigious event attracts art supporters, including diplomats, cultural personalities, business leaders, donors, and sponsors of the Margareta Royal Foundation. The Romanian Athenaeum traditionally serves as the home of authentic values and generosity. The noble purpose of the gala is to provide merit-based scholarships to talented young artists with limited financial means, offering them the opportunity to develop their artistic gifts. Attendees will enjoy an evening of exceptional music while witnessing the meaningful impact of their support.<\/p>\n<p class=\"translation-block\">This year, the Royal Charity Concert features <strong>tenor Ioan Hotea and mezzo-soprano Martiniana Antonie<\/strong>, performing alongside the Romanian Youth Orchestra, conducted by <strong>Gabriel Bebe\u0219elea<\/strong>.<\/p>\n<p class=\"translation-block\"><strong>Ioan Hotea is a world-renowned tenor and prize-winner of prestigious competitions<\/strong>, including Hariclea Darcl\u00e9e 2015, Grand Prix, and Operalia Pl\u00e1cido Domingo, London 2015. He debuted at the Royal Opera House in London in 2016 and has been engaged at the Wiesbaden Theatre in Germany since 2015<\/p>\n<p class=\"translation-block\"><strong>Martiniana Antonie is one of the brightest voices of her generation<\/strong>, acclaimed this year for her role as Rosina at the National Theater Mannheim. Her career was significantly shaped by the Tinere Talente scholarship program, which supported her at a crucial moment<\/p>\n<p class=\"translation-block\"><strong>Gabriel Bebe\u0219elea is among Romania\u2019s most talented conductors<\/strong>, invited by renowned orchestras such as the Royal Philharmonic Orchestra London, Rundfunk-Sinfonieorchester Berlin, Barcelona Symphony Orchestra, and Singapore Symphony Orchestra. He serves as Principal Conductor at the Transylvania State Philharmonic in Cluj-Napoca and the George Enescu Philharmonic in Bucharest<\/p>\n<p class=\"translation-block\">\u201cIt is a great honor to conduct the Royal Concert for the third time. This concert has always celebrated generosity. The Margareta Royal Foundation, through hundreds of scholarships awarded to Romania\u2019s most talented young artists, plays a decisive role in our cultural life. The Romanian Youth Orchestra, featuring many of our scholarship recipients, is the perfect ensemble for this event. Ioan Hotea represents the excellence of Romanian opera worldwide, while Martiniana Antonie, a former beneficiary of Tinere Talente, demonstrates the concrete impact our programs have on young talent,\u201d <em>shares conductor <strong>Gabriel Bebe\u0219elea.<\/strong><\/em><\/p>\n<p class=\"translation-block\">Founded in 2008 by cellist Marin Cazacu, the Romanian Youth Orchestra gathers the country\u2019s finest young musicians for a unique artistic experience and has <strong>quickly gained international acclaim<\/strong>. This year marks its <strong>seventh invitation to the YoungEuroClassic Festival in Berlin<\/strong>, one of the world\u2019s leading cultural events.<\/p>\n<p><strong>Romania needs art!<\/strong><\/p>\n<p class=\"translation-block\">Classical music enthusiasts can actively support talented young artists by attending the Royal Charity Concert or by sponsoring the Tinere Talente program. Funds raised provide scholarships, mentorship, and crucial promotion for emerging artists.<\/p>\n<p class=\"translation-block\">Over time, donations from this concert have exceeded \u20ac1,800,000, funding 410 scholarships for talented youth from low-income backgrounds, many of whom have achieved national and international recognition. Tinere Talente has been recognized four times as the Best Art and Culture Program in Romania, including a 2022 award at the Civil Society Gala.<\/p>\n<p><em>The Royal Charity Concert will be broadcast live on TVR and Radio Rom\u00e2nia Muzical.<\/em><\/p>\n<p><strong>Co-producers:<\/strong> TVR, Radio Rom\u00e2nia Muzical<\/p>\n<p><strong>Partner:<\/strong> Kaufland Romania<\/p>\n<p><strong>Sponsors<\/strong>: B&amp;B Collection &#8211; Kultho, PPG Rom\u00e2nia &#8211; Oskar, Dedeman, PEPCO, Enayati Medical City, Ferrero Rom\u00e2nia, PSC Group, Casa Siqua, Easy Print Services<\/p>\n<p><strong>Media partners:<\/strong> Europa FM, Radio Rom\u00e2nia Cultural, Radio Rom\u00e2nia Actualit\u0103\u021bi, Radio Trinitas, RFI Rom\u00e2nia, Agerpres, Forbes, Forbes Life, Historia, Revista BIZ, Haute Culture, Zile \u0219i Nop\u021bi, Revista Cariere, Phoenix Media, Insight TAROM, IQads, SMARK, The Institute, ziarul cotidian diplomatic Nine O\u2019Clock, The Diplomat, Societatea Muzical\u0103, Revista Cultura, Radio Clasic, Zenith Media, MediaTRUST<\/p>\n<p><strong>With support from:<\/strong> Filarmonica George Enescu, Chapter4 Rom\u00e2nia, Eventim.ro<\/p>\n<p><strong>\u00a0<\/strong><\/p>","protected":false},"excerpt":{"rendered":"<p>Concertul Regal organizat de Funda\u021bia Regal\u0103 Margareta a Rom\u00e2niei, unul dintre cele mai longevive \u0219i de succes eveniment de str\u00e2ngere de fonduri din Rom\u00e2nia, revine la Ateneul Rom\u00e2n, pe 25 octombrie, cu edi\u021bia a 14-a. \u00a0 Aceast\u0103 impresionant\u0103 sear\u0103 muzical\u0103 cu scop caritabil reune\u0219te muzicieni rom\u00e2ni de excep\u021bie, \u00een sus\u021binerea tinerilor talenta\u021bi ai \u021b\u0103rii, \u0219i [&hellip;]<\/p>\n","protected":false},"author":1,"featured_media":38128,"comment_status":"open","ping_status":"open","sticky":false,"template":"","format":"standard","meta":{"footnotes":""},"categories":[25,33,31],"tags":[],"class_list":["post-32491","post","type-post","status-publish","format-standard","has-post-thumbnail","hentry","category-25","category-comunicate","category-tinere-talente"],"_links":{"self":[{"href":"https:\/\/fundatiaregala.ro\/en\/wp-json\/wp\/v2\/posts\/32491","targetHints":{"allow":["GET"]}}],"collection":[{"href":"https:\/\/fundatiaregala.ro\/en\/wp-json\/wp\/v2\/posts"}],"about":[{"href":"https:\/\/fundatiaregala.ro\/en\/wp-json\/wp\/v2\/types\/post"}],"author":[{"embeddable":true,"href":"https:\/\/fundatiaregala.ro\/en\/wp-json\/wp\/v2\/users\/1"}],"replies":[{"embeddable":true,"href":"https:\/\/fundatiaregala.ro\/en\/wp-json\/wp\/v2\/comments?post=32491"}],"version-history":[{"count":1,"href":"https:\/\/fundatiaregala.ro\/en\/wp-json\/wp\/v2\/posts\/32491\/revisions"}],"predecessor-version":[{"id":38125,"href":"https:\/\/fundatiaregala.ro\/en\/wp-json\/wp\/v2\/posts\/32491\/revisions\/38125"}],"wp:featuredmedia":[{"embeddable":true,"href":"https:\/\/fundatiaregala.ro\/en\/wp-json\/wp\/v2\/media\/38128"}],"wp:attachment":[{"href":"https:\/\/fundatiaregala.ro\/en\/wp-json\/wp\/v2\/media?parent=32491"}],"wp:term":[{"taxonomy":"category","embeddable":true,"href":"https:\/\/fundatiaregala.ro\/en\/wp-json\/wp\/v2\/categories?post=32491"},{"taxonomy":"post_tag","embeddable":true,"href":"https:\/\/fundatiaregala.ro\/en\/wp-json\/wp\/v2\/tags?post=32491"}],"curies":[{"name":"wp","href":"https:\/\/api.w.org\/{rel}","templated":true}]}}