{"id":35104,"date":"2024-12-03T16:40:13","date_gmt":"2024-12-03T14:40:13","guid":{"rendered":"https:\/\/www.frmr.ro\/?p=35104"},"modified":"2026-02-02T13:28:16","modified_gmt":"2026-02-02T11:28:16","slug":"raspundem-cu-suflet-varstnicilor-singuri-campanie-pentru-sustinerea-nevoilor-urgente-ale-seniorilor","status":"publish","type":"post","link":"https:\/\/fundatiaregala.ro\/en\/raspundem-cu-suflet-varstnicilor-singuri-campanie-pentru-sustinerea-nevoilor-urgente-ale-seniorilor\/","title":{"rendered":"\u201dWe answer with heart to lonely elderly people!\u201d, a campaign for supporting the urgent needs of elderly people"},"content":{"rendered":"<ul>\n<li><strong>3,8 milioane de v\u00e2rstnici num\u0103r\u0103 popula\u021bia rezident\u0103 de peste 65 ani a Rom\u00e2niei \u00een 2024<\/strong><\/li>\n<li><strong>1 din 3 seniori locuiesc singuri<\/strong><a href=\"\/#_ftn1\" name=\"_ftnref1\"><strong>[1]<\/strong><\/a><strong>, fiind expu\u0219i \u00een mai mare m\u0103sur\u0103 riscului de s\u0103r\u0103cie \u0219i excluziune social\u0103<\/strong><\/li>\n<li><strong>000 de persoane v\u00e2rstnice vor fi ajutate prin proiectele sociale dedicate ale Funda\u021biei<\/strong><\/li>\n<\/ul>\n<p>\u00cen Rom\u00e2nia, popula\u021bia rezident\u0103 de seniori cu v\u00e2rsta de 65 de ani \u0219i peste dep\u0103\u0219e\u0219te 3,8 milioane de persoane. Provoc\u0103rile v\u00e2rstei vin la pachet \u0219i cu singur\u0103tatea, \u00eentruc\u00e2t 1,35 milioane dintre seniori locuiesc singuri. <strong>Funda\u021bia Regal\u0103 Margareta a Rom\u00e2niei <\/strong>lanseaz\u0103 <strong>campania <em>\u201eR\u0103spundem cu suflet v\u00e2rstnicilor singuri!\u201d<\/em><\/strong>, ini\u021biativ\u0103 prin care \u00ee\u0219i propune s\u0103 ofere sprijin imediat \u0219i solu\u021bii sustenabile seniorilor vulnerabili din punct de vedere social, care se confrunt\u0103 cu lipsa resurselor, izolarea sau marginalizarea, at\u00e2t \u00een perioada S\u0103rb\u0103torilor, c\u00e2t \u0219i pe tot parcursul anului viitor. <strong>4.000 de v\u00e2rstnici <\/strong>vor beneficia de ajutor material, de sprijin practic \u0219i sus\u021binere emo\u021bional\u0103 prin proiectele sociale dedicate.<\/p>\n<p>Prin intermediul programului<strong> Fondul pentru V\u00e2rstnici<\/strong>, Funda\u021bia vizeaz\u0103 \u00eembun\u0103t\u0103\u021birea calit\u0103\u021bii vie\u021bii \u0219i incluziunii sociale a seniorilor, cu prec\u0103dere a celor singuri \u0219i vulnerabili din punct de vedere social. <em>Fondul pentru V\u00e2rstnici <\/em>este finan\u021bat din dona\u021bii \u0219i sponsoriz\u0103ri \u0219i mii de persoane v\u00e2rstnice primesc anual ajutor material, sprijin practic \u0219i sus\u021binere emo\u021bional\u0103.<\/p>\n<p><strong><em>Al\u0103turi de seniori. Schimb\u0103m vie\u021bi, \u00eempreun\u0103<\/em><\/strong><\/p>\n<p><strong>Campania <em>\u201eR\u0103spundem cu suflet v\u00e2rstnicilor singuri!\u201d<\/em> invit\u0103 liderii de companii<\/strong> s\u0103 se implice \u00een sprijinirea urgent\u0103 a seniorilor, pentru care fiecare zi conteaz\u0103. <strong>Contribuind pana la 31 decembrie cu 20%<\/strong> din impozitul pe profit pentru anul 2024, companiile au \u0219ansa de a transforma taxele \u00eentr-un gest concret de solidaritate. \u00cempreun\u0103 putem fi vocea lor, alin\u00e2nd din singur\u0103tate, prevenind izolarea social\u0103, ori cre\u00e2nd oportunit\u0103\u021bi pentru o via\u021b\u0103 activ\u0103.<\/p>\n<p><strong><em>Zeci de asocia\u021bii mobilizate de Funda\u021bie \u00een sprijinul seniorilor<\/em><\/strong><\/p>\n<p>\u00cen 2024, Funda\u021bia Regal\u0103 Margareta a Rom\u00e2niei, prin implicarea companiilor \u0219i a persoanelor fizice donatoare, \u00a0\u00a0\u00a0<strong>a sprijinit<\/strong> <strong>4.000 de seniori<\/strong> \u0219i <strong>a oferit<\/strong> <strong>grant-uri pentru 27<\/strong> <strong>de ONG-uri din Rom\u00e2nia<\/strong> care, prin serviciile sociale locale, au r\u0103spuns diverselor nevoi ale v\u00e2rstnicilor din comunit\u0103\u021bile lor.<\/p>\n<p>Persoanele v\u00e2rstnice au beneficiat de:<\/p>\n<ul>\n<li><strong>ajutor material<\/strong> &#8211; tichete sociale, produse alimentare, igienice \u0219i sanitare sau paramedicale, bunuri de necesitate<\/li>\n<li><strong>sprijin practic<\/strong> \u2013 \u00eengrijire sau menaj la domiciliu, livrarea cump\u0103r\u0103turilor sau a medicamentelor acas\u0103, consiliere social\u0103 \u0219i \u00eendrumare c\u0103tre servicii de suport accesibile \u00een comunitate<\/li>\n<li><strong>sus\u021binere emo\u021bional\u0103, <\/strong>prin activit\u0103\u021bi de socializare, servicii de alinare a singur\u0103t\u0103\u021bii sau consiliere psihologic\u0103<\/li>\n<li>dar \u0219i <strong>solu\u021bii pentru \u00eemb\u0103tr\u00e2nire activ\u0103<\/strong>, prin voluntariat \u00een centre de zi pentru copii sau incluziune digital\u0103<\/li>\n<\/ul>\n<p>\u201e<em>Pentru mine, singur\u0103tatea e o izolare. Din p\u0103cate, u\u0219a nu mi-o mai deschide nimeni. De c\u00e2nd a murit so\u021bul, via\u021ba mea s-a terminat, \u00eentruc\u00e2t am pierdut o persoan\u0103 cu care comunicam \u00een permanen\u021b\u0103. Acum \u0219tiu c\u0103, m\u0103car o dat\u0103 pe s\u0103pt\u0103m\u00e2n\u0103, vineri, am cu cine s\u0103 stau de vorb\u0103 \u0219i cuiva \u00eei pas\u0103 de mine. \u00cemi place c\u0103 m\u0103 pot dest\u0103inui, c\u0103 m\u0103 asculta\u021bi \u0219i sunte\u021bi interesa\u021bi de starea mea<\/em>\u201d, doamna T, 77 de ani, beneficiar<\/p>\n<p><strong><em>Ce putem face pentru a \u00eembun\u0103t\u0103\u021bi via\u021ba seniorilor din Rom\u00e2nia? <\/em><\/strong><\/p>\n<p>Peste 4.000 de seniori conteaz\u0103 pe sprijinul Funda\u021biei Regale, nu doar \u00een perioada S\u0103rb\u0103torilor, ci \u00een fiecare lun\u0103 a anului. Pentru seniorii no\u0219tri, timpul nu mai este un aliat. \u00cempreun\u0103 putem ac\u021biona \u0219i schimba vie\u021bi.<\/p>\n<p><strong>Al\u0103tura\u021bi-v\u0103 campaniei \u0219i transforma\u021bi sprijinul dumneavoastr\u0103 \u00een speran\u021b\u0103 pentru cei care au nevoie cel mai mult.<\/strong><\/p>\n<ul>\n<li><strong>Companiile <\/strong>\u2013<a href=\"https:\/\/sponsorizez.ro\/varstnici\/\"><strong> Direc\u021biona\u021bi 20% din impozitul datorat statului pentru anul fiscal 2024<\/strong><\/a> p\u00e2n\u0103 la<strong> 31 decembrie 2024, prin semnarea unui contract de sponsorizare. <\/strong>Suma disponibil\u0103 pentru sponsorizare poate fi calculat\u0103 pe <a href=\"http:\/\/www.sponsorizez.ro\">sponsorizez.ro<\/a>.<\/li>\n<li><strong>Persoanele fizice<\/strong> &#8211; Face\u021bi o <strong>dona\u021bie<\/strong> prin<strong> SMS textul SINGUR<\/strong> <strong>la 8844, <\/strong>pentru a contribui cu 2 Euro lunar<a href=\"\/#_ftn2\" name=\"_ftnref2\"><strong>[2]<\/strong><\/a> \u00een sus\u021binerea seniorilor vulnerabili.<\/li>\n<\/ul>\n<p><strong>\u00a0<\/strong><strong><em>Cum sunt folosite fondurile str\u00e2nse?<\/em><\/strong><\/p>\n<ul>\n<li>R\u0103spundem prompt solicit\u0103rilor \u0219i oferim resurse sau solu\u021bii pentru v\u00e2rstnici<\/li>\n<li>Alin\u0103m singur\u0103tatea celor care nu mai au pe nimeni prin vizite sau conversa\u021bii telefonice<\/li>\n<li>\u00cei \u00eencuraj\u0103m s\u0103 revin\u0103 \u00een comunitate prin activit\u0103\u021bi recreative, culturale \u0219i sociale sau \u00een cluburi de seniori<\/li>\n<li>Oferim consiliere psihologic\u0103 \u0219i sprijin emo\u021bional seniorilor \u00een suferin\u021b\u0103<\/li>\n<li>\u00cei valoriz\u0103m \u0219i le d\u0103m ocazia de a fi utili ca voluntari pentru copiii de la centre intergenera\u021bionale<\/li>\n<li>Ajut\u0103m material, prin pachete sau tichete sociale, v\u00e2rstnicii afla\u021bi \u00een cele mai dificile situa\u021bii de via\u021b\u0103<\/li>\n<li>Oferim sus\u021binere \u0219i dot\u0103ri pentru \u00eengrijitorii la domiciliu, voluntarii \u0219i asisten\u021bii sociali din comunit\u0103\u021bi<\/li>\n<li>Facilit\u0103m accesul c\u0103tre serviciile de care au urgent\u0103 nevoie: \u00eengrijire la domiciliu, cantin\u0103 social\u0103, centru de zi, policlinic\u0103 social\u0103<\/li>\n<li>D\u0103ruim spiritul S\u0103rb\u0103torilor prin meniuri sau mese organizate pentru v\u00e2rstnicii singuri, al\u0103turi de voluntarii no\u0219tri<\/li>\n<\/ul>\n<p>&nbsp;<\/p>\n<p><strong><em>Parteneri media:<\/em><\/strong> TVR, Radio Rom\u00e2nia, Radio Rom\u00e2nia Actualit\u0103\u021bi, Radio Rom\u00e2nia Antena Satelor, Radio Rom\u00e2nia Regional, Radio Trinitas,\u00a0 \u00a0 \u00a0 \u00a0 \u00a0 \u00a0 \u00a0 \u00a0 \u00a0 \u00a0 \u00a0 \u00a0 \u00a0 \u00a0 \u00a0 \u00a0 \u00a0 Forbes Rom\u00e2nia, ziarul cotidian diplomatic Nine O\u2019Clock, Ziarul News, Zenith Media, New Age Media &#8211; regia de media a cinematografelor Cinema City<\/p>\n<p><strong>***<\/strong><\/p>\n<p><strong>Despre Funda\u021bia Regal\u0103 Margareta a Rom\u00e2niei<\/strong><\/p>\n<p>Cu o experien\u021b\u0103 de aproape 35 de ani \u00een domeniul social, Funda\u021bia Regal\u0103 Margareta a Rom\u00e2niei este una dintre pu\u021binele organiza\u021bii non-guvernamentale care deruleaz\u0103 programe dedicate seniorilor din Rom\u00e2nia. De-a lungul timpului, cu implicarea voluntarilor \u0219i mobilizarea partenerilor institu\u021bionali \u0219i a \u00eentregii comunit\u0103\u021bi, Funda\u021bia a creat diverse solu\u021bii menite s\u0103 \u00eembun\u0103t\u0103\u021beasc\u0103 vie\u021bile acestora, s\u0103 aline singur\u0103tatea, s\u0103 previn\u0103 izolarea social\u0103, ori s\u0103 creeze oportunit\u0103\u021bi pentru o via\u021b\u0103 activ\u0103. Programele \u0219i campaniile Funda\u021biei, precum re\u021beaua <em>Pentru Seniorii No\u0219tri, programele Fondul pentru V\u00e2rstnici, Centrele Genera\u021bii, Telefonul V\u00e2rstnicului, Conferin\u021ba Bune Practici pentru o B\u0103tr\u00e2ne\u021be Frumoas\u0103, proiectul Conect\u0103m Genera\u021bii \u00een Lumea Digital\u0103, <\/em>au redat demnitatea \u0219i speran\u021ba la v\u00e2rsta a treia. Mai multe detalii pe <a href=\"http:\/\/www.frmr.ro\">fundatiaregala.ro\/<\/a>.<\/p>\n<p><a href=\"\/#_ftnref1\" name=\"_ftn1\"><strong>[1]<\/strong><\/a> Raport INSSE \u2013 <a href=\"\/conditiile_de_viata_ale_populatiei_din_romania_in_anul_2023\">Condi\u021biile de via\u021b\u0103 ale popula\u021biei din Rom\u00e2nia \u00een anul 2023<\/a><\/p>\n<p><a href=\"\/#_ftnref2\" name=\"_ftn2\">[2]<\/a> Valoarea Dona\u021biei este de 2 Euro\/lun\u0103. Suma alocat\u0103 cauzei este de 2 Euro. Nu se percepe TVA pentru dona\u021biile de pe abonament. \u00cen re\u021belele Digi Mobil, Orange \u015fi Telekom Rom\u00e2nia Mobile, pentru cartelele prepl\u0103tite, TVA-ul a fost re\u021binut la achizi\u021bionarea creditului. Pentru dona\u021biile de pe cartele prepl\u0103tite, \u00een re\u021beaua Vodafone utilizatorii nu pl\u0103tesc TVA. Campanie realizat\u0103 cu sprijinul Digi Mobil, Orange Romania, Telekom Romania Mobile \u015fi Vodafone Romania<\/p>\n","protected":false},"excerpt":{"rendered":"<p>3,8 milioane de v\u00e2rstnici num\u0103r\u0103 popula\u021bia rezident\u0103 de peste 65 ani a Rom\u00e2niei \u00een 2024 1 din 3 seniori locuiesc singuri[1], fiind expu\u0219i \u00een mai mare m\u0103sur\u0103 riscului de s\u0103r\u0103cie \u0219i excluziune social\u0103 000 de persoane v\u00e2rstnice vor fi ajutate prin proiectele sociale dedicate ale Funda\u021biei \u00cen Rom\u00e2nia, popula\u021bia rezident\u0103 de seniori cu v\u00e2rsta de [&hellip;]<\/p>\n","protected":false},"author":1,"featured_media":38059,"comment_status":"open","ping_status":"open","sticky":false,"template":"","format":"standard","meta":{"footnotes":""},"categories":[24,33],"tags":[],"class_list":["post-35104","post","type-post","status-publish","format-standard","has-post-thumbnail","hentry","category-24","category-comunicate"],"_links":{"self":[{"href":"https:\/\/fundatiaregala.ro\/en\/wp-json\/wp\/v2\/posts\/35104","targetHints":{"allow":["GET"]}}],"collection":[{"href":"https:\/\/fundatiaregala.ro\/en\/wp-json\/wp\/v2\/posts"}],"about":[{"href":"https:\/\/fundatiaregala.ro\/en\/wp-json\/wp\/v2\/types\/post"}],"author":[{"embeddable":true,"href":"https:\/\/fundatiaregala.ro\/en\/wp-json\/wp\/v2\/users\/1"}],"replies":[{"embeddable":true,"href":"https:\/\/fundatiaregala.ro\/en\/wp-json\/wp\/v2\/comments?post=35104"}],"version-history":[{"count":1,"href":"https:\/\/fundatiaregala.ro\/en\/wp-json\/wp\/v2\/posts\/35104\/revisions"}],"predecessor-version":[{"id":38057,"href":"https:\/\/fundatiaregala.ro\/en\/wp-json\/wp\/v2\/posts\/35104\/revisions\/38057"}],"wp:featuredmedia":[{"embeddable":true,"href":"https:\/\/fundatiaregala.ro\/en\/wp-json\/wp\/v2\/media\/38059"}],"wp:attachment":[{"href":"https:\/\/fundatiaregala.ro\/en\/wp-json\/wp\/v2\/media?parent=35104"}],"wp:term":[{"taxonomy":"category","embeddable":true,"href":"https:\/\/fundatiaregala.ro\/en\/wp-json\/wp\/v2\/categories?post=35104"},{"taxonomy":"post_tag","embeddable":true,"href":"https:\/\/fundatiaregala.ro\/en\/wp-json\/wp\/v2\/tags?post=35104"}],"curies":[{"name":"wp","href":"https:\/\/api.w.org\/{rel}","templated":true}]}}