{"id":35128,"date":"2025-02-24T11:57:02","date_gmt":"2025-02-24T09:57:02","guid":{"rendered":"https:\/\/www.frmr.ro\/?p=35128"},"modified":"2026-03-11T12:01:13","modified_gmt":"2026-03-11T10:01:13","slug":"angajam-asistent-social-la-telefonul-varstnicului-full-time-bucuresti","status":"publish","type":"post","link":"https:\/\/fundatiaregala.ro\/en\/angajam-asistent-social-la-telefonul-varstnicului-full-time-bucuresti\/","title":{"rendered":"We are hiring a Social Worker for the Phone for Elderly People | full-time, Bucharest"},"content":{"rendered":"<p class=\"translation-block\"><strong>If you wish to support elderly people<\/strong> through social counselling and conversations aimed at alleviating loneliness, then <strong>we invite you to join<\/strong> the <strong>Elderly Helpline team<\/strong> \u2013 the first national, free and confidential telephone line dedicated to elderly people in Romania.<\/strong><\/p>\n<p><strong><span class=\"OYPEnA font-feature-liga-off font-feature-clig-off font-feature-calt-off text-decoration-none text-strikethrough-none\">It\"s required to have<\/span><\/strong><\/p>\n<ul>\n<li><span class=\"OYPEnA font-feature-liga-off font-feature-clig-off font-feature-calt-off text-decoration-none text-strikethrough-none\">higher education in social work<\/span><\/li>\n<li><span class=\"OYPEnA font-feature-liga-off font-feature-clig-off font-feature-calt-off text-decoration-none text-strikethrough-none\">social worker practice license <\/span><\/li>\n<li><span class=\"OYPEnA font-feature-liga-off font-feature-clig-off font-feature-calt-off text-decoration-none text-strikethrough-none\">and, very importantly, empathy and interest in the situation of elderly people<\/span><\/li>\n<\/ul>\n<p>&nbsp;<\/p>\n<p class=\"translation-block\">The position is based in <strong>Bucharest.<\/strong><\/p>\n<p><strong>Schedule<\/strong><\/p>\n<ul>\n<li><span class=\"OYPEnA font-feature-liga-off font-feature-clig-off font-feature-calt-off text-decoration-none text-strikethrough-none\">flexible between 8:00 \u2013 20:00 (Monday \u2013 Friday) and 8:00 \u2013 16:00 (Saturday)<\/span><\/li>\n<li><span class=\"OYPEnA font-feature-liga-off font-feature-clig-off font-feature-calt-off text-decoration-none text-strikethrough-none\">8 hours\/day\/40 hours\/week<\/span><\/li>\n<\/ul>\n<p>&nbsp;<\/p>\n<p><strong>What you need to do<\/strong><\/p>\n<ul>\n<li><span class=\"OYPEnA font-feature-liga-off font-feature-clig-off font-feature-calt-off text-decoration-none text-strikethrough-none\">Provide psychosocial counseling, information, and moral support to elderly people<\/span><\/li>\n<li><span class=\"OYPEnA font-feature-liga-off font-feature-clig-off font-feature-calt-off text-decoration-none text-strikethrough-none\">Answer calls and offer appropriate solutions to their problems<\/span><\/li>\n<li><span class=\"OYPEnA font-feature-liga-off font-feature-clig-off font-feature-calt-off text-decoration-none text-strikethrough-none\">Update the database with specialized services<\/span><\/li>\n<li><span class=\"OYPEnA font-feature-liga-off font-feature-clig-off font-feature-calt-off text-decoration-none text-strikethrough-none\">Organize and participate in socialization activities with elderly people<\/span><\/li>\n<li><span class=\"OYPEnA font-feature-liga-off font-feature-clig-off font-feature-calt-off text-decoration-none text-strikethrough-none\">Complete the specific documentation for the social service<\/span><\/li>\n<\/ul>\n<p>&nbsp;<\/p>\n<p><strong>We will offer you<\/strong><\/p>\n<ul>\n<li><span class=\"OYPEnA font-feature-liga-off font-feature-clig-off font-feature-calt-off text-decoration-none text-strikethrough-none\">A fixed salary (8 hours\/day) and an employment contract for a period of at least 1 year<\/span><\/li>\n<li><span class=\"OYPEnA font-feature-liga-off font-feature-clig-off font-feature-calt-off text-decoration-none text-strikethrough-none\">A team of experienced professionals providing supervision and support<\/span><\/li>\n<li><span class=\"OYPEnA font-feature-liga-off font-feature-clig-off font-feature-calt-off text-decoration-none text-strikethrough-none\">The possibility of having work with an impact on the community<\/span><\/li>\n<li><span class=\"OYPEnA font-feature-liga-off font-feature-clig-off font-feature-calt-off text-decoration-none text-strikethrough-none\">The opportunity to grow professionally<\/span><\/li>\n<li><span class=\"OYPEnA font-feature-liga-off font-feature-clig-off font-feature-calt-off text-decoration-none text-strikethrough-none\">A friendly working environment and a creative job<\/span><\/li>\n<\/ul>\n<p>&nbsp;<\/p>\n<p class=\"cvGsUA direction-ltr align-start para-style-body translation-block\"><strong>Send your CV and a short motivation letter<\/strong> explaining why you are the right person for this role to <strong>[roxana.molocea@fundatiaregala.ro]<\/strong>, by <strong>March 7, 2025.<\/strong><\/p>\n<p>We look forward to meeting you!<\/p>","protected":false},"excerpt":{"rendered":"<p>Dac\u0103 \u00ee\u021bi dore\u0219ti s\u0103 vii \u00een sprijinul seniorilor prin consiliere social\u0103 \u0219i convorbiri cu scopul de alinare a singur\u0103t\u0103\u021bii, atunci te a\u0219tept\u0103m \u00een echipa Telefonul V\u00e2rstnicului &#8211; prima linie telefonic\u0103 na\u021bional\u0103, gratuit\u0103 \u0219i confiden\u021bial\u0103 destinat\u0103 persoanelor \u00een v\u00e2rst\u0103 din Rom\u00e2nia. Este nevoie s\u0103 ai studii superioare \u00een asisten\u021b\u0103 social\u0103 aviz de exercitare a profesiei de [&hellip;]<\/p>\n","protected":false},"author":1,"featured_media":38051,"comment_status":"open","ping_status":"open","sticky":false,"template":"","format":"standard","meta":{"footnotes":""},"categories":[23,33,38],"tags":[],"class_list":["post-35128","post","type-post","status-publish","format-standard","has-post-thumbnail","hentry","category-23","category-comunicate","category-telefonul-varstnicului"],"_links":{"self":[{"href":"https:\/\/fundatiaregala.ro\/en\/wp-json\/wp\/v2\/posts\/35128","targetHints":{"allow":["GET"]}}],"collection":[{"href":"https:\/\/fundatiaregala.ro\/en\/wp-json\/wp\/v2\/posts"}],"about":[{"href":"https:\/\/fundatiaregala.ro\/en\/wp-json\/wp\/v2\/types\/post"}],"author":[{"embeddable":true,"href":"https:\/\/fundatiaregala.ro\/en\/wp-json\/wp\/v2\/users\/1"}],"replies":[{"embeddable":true,"href":"https:\/\/fundatiaregala.ro\/en\/wp-json\/wp\/v2\/comments?post=35128"}],"version-history":[{"count":1,"href":"https:\/\/fundatiaregala.ro\/en\/wp-json\/wp\/v2\/posts\/35128\/revisions"}],"predecessor-version":[{"id":38046,"href":"https:\/\/fundatiaregala.ro\/en\/wp-json\/wp\/v2\/posts\/35128\/revisions\/38046"}],"wp:featuredmedia":[{"embeddable":true,"href":"https:\/\/fundatiaregala.ro\/en\/wp-json\/wp\/v2\/media\/38051"}],"wp:attachment":[{"href":"https:\/\/fundatiaregala.ro\/en\/wp-json\/wp\/v2\/media?parent=35128"}],"wp:term":[{"taxonomy":"category","embeddable":true,"href":"https:\/\/fundatiaregala.ro\/en\/wp-json\/wp\/v2\/categories?post=35128"},{"taxonomy":"post_tag","embeddable":true,"href":"https:\/\/fundatiaregala.ro\/en\/wp-json\/wp\/v2\/tags?post=35128"}],"curies":[{"name":"wp","href":"https:\/\/api.w.org\/{rel}","templated":true}]}}