{"id":37156,"date":"2025-12-22T16:40:11","date_gmt":"2025-12-22T14:40:11","guid":{"rendered":"https:\/\/www.frmr.ro\/?p=37156"},"modified":"2026-02-02T12:57:05","modified_gmt":"2026-02-02T10:57:05","slug":"craciunul-solidaritatii-sprijin-concret-si-momente-de-bucurie-pentru-varstnicii-singuri-din-intreaga-tara","status":"publish","type":"post","link":"https:\/\/fundatiaregala.ro\/en\/craciunul-solidaritatii-sprijin-concret-si-momente-de-bucurie-pentru-varstnicii-singuri-din-intreaga-tara\/","title":{"rendered":"Christmas of solidarity: concrete support and moments of joy for lonely elderly people across the entire country"},"content":{"rendered":"<ul>\n<li><em>Peste 1.100 de seniori sprijini\u021bi de S\u0103rb\u0103tori prin ac\u021biunile Funda\u021biei Regale Margareta a Rom\u00e2niei<\/em><\/li>\n<\/ul>\n<p><strong><em>\u00a0<\/em><\/strong><\/p>\n<p>Bucure\u0219ti, 22 decembrie 2025 <strong><em>&#8211; \u00a0<\/em><\/strong><strong>Funda\u021bia Regal\u0103 Margareta a Rom\u00e2niei, \u00eempreun\u0103 cu voluntari, sponsori \u0219i donatori, a dus spiritul S\u0103rb\u0103torilor de iarn\u0103 \u00een casele v\u00e2rstnicilor vulnerabili. Prin ac\u021biuni \u00een comunitate, sprijin material \u0219i activit\u0103\u021bi menite s\u0103 aline singur\u0103tatea, organiza\u021bia a creat, \u0219i \u00een acest an, o re\u021bea de solidaritate care a ajuns la inimile celor afecta\u021bi de izolare.<\/strong><\/p>\n<p>Cr\u0103ciun cu speran\u021b\u0103 pentru seniorii cu venituri mici din Bucure\u0219ti<\/p>\n<p>Pe 17 decembrie, <strong>76 de voluntari <\/strong>ai Funda\u021biei Regale \u0219i angaja\u021bi ai companiilor<strong> &#8211;<\/strong> au cutreierat sectoarele Capitalei pentru a duce pachete cu alimente de baz\u0103, produse tradi\u021bionale, produse lactate, ou\u0103, articole igienice \u0219i sanitare, dar \u0219i 100 de felicit\u0103ri, confec\u021bionate chiar de ei, c\u0103tre <strong>100 de v\u00e2rstnici singuri. <\/strong>Fiecare vizit\u0103 pentru livrarea pachetelor a devenit un moment de conectare, cu z\u00e2mbete, conversa\u021bii \u0219i recuno\u0219tin\u021b\u0103. De S\u0103rb\u0103tori, sprijinul companiilor partenere a permis preg\u0103tirea unor pachete bogate, care s\u0103 acopere nevoi esen\u021biale la final de an, pentru seniorii ce primesc lunar ajutor prin <em>Fondul pentru V\u00e2rstnici.<\/em><\/p>\n<p>Mese festive \u0219i activit\u0103\u021bi intergenera\u021bionale<\/p>\n<p><strong>50 de v\u00e2rstnici din Bucure\u0219ti<\/strong> au participat la o mas\u0103 festiv\u0103 g\u0103zduit\u0103 cu generozitate de Hanu\u2019 Berarilor \u2013 Casa Oprea Soare, parte din re\u021beaua City Grill, bucur\u00e2ndu-se de compania membrilor echipelor programelor <em>Telefonul V\u00e2rstnicului<\/em> \u0219i <em>Conect\u0103m Genera\u021bii \u00een Lumea Digital\u0103<\/em>.<\/p>\n<p>\u00cen spiritul \u00eemb\u0103tr\u00e2nirii active, beneficiari ai programelor <em>Telefonul V\u00e2rstnicului<\/em> \u0219i <em>Fondul pentru V\u00e2rstnici<\/em> au colaborat cu copiii \u00een cadrul atelierelor creative de Cr\u0103ciun, realiz\u00e2nd br\u0103du\u021bi, coroni\u021be, lum\u00e2n\u0103ri parfumate \u0219i alte ornamente de sezon pentru casele lor, la <em>Centrul Genera\u021bii Bucure\u0219ti.<\/em><\/p>\n<p>Seniorii voluntari, copiii \u0219i tinerii de la <em>Centrul Genera\u021bii Bucure\u0219ti<\/em>, al\u0103turi de copii beneficiari ai programului <em>Fondului Special pentru Copii<\/em>, au fost invita\u021bi la Patinoarul Allianz-\u021airiac Arena \u0219i la Galeria \u021airiac Collection &#8211; activit\u0103\u021bi oferite cu sprijinul Funda\u021biei \u021airiac.<\/p>\n<p>Sprijin na\u021bional pentru v\u00e2rstnicii vulnerabili<\/p>\n<p><strong><em>Cadouri, vizite \u0219i activit\u0103\u021bi \u00een Centrele Genera\u021bii<\/em><\/strong><\/p>\n<p>\u00cen cadrul celor 17 Centre Genera\u021bii, cei 180 de seniori voluntari \u0219i 604 copiii beneficiari au fost implica\u021bi \u00een numeroase ateliere intergenera\u021bionale, serb\u0103ri \u0219i colinde sau diverse activit\u0103\u021bi specifice perioadei.<\/p>\n<p>571 de pachete cu produse Hochland au ajuns la <strong>voluntarii seniori (94),<\/strong> copiii \u0219i personalul celor <strong>10 Centre Genera\u021bii<\/strong> din Sighi\u0219oara, Tg. Mure\u0219, T\u00e2rn\u0103veni, Ormeni\u0219, Reghin, Bistri\u021ba, Bra\u0219ov, Cenade, Biia \u0219i Satu Mare, centre finan\u021bate de Hochland Rom\u00e2nia.<\/p>\n<p><strong>68 de seniori voluntari<\/strong> \u0219i 172 de copii din <strong>cinci Centre Genera\u021bii<\/strong> din Buzia\u0219, Bon\u021bida, Dezmir, Bucure\u0219ti \u0219i Blaj &#8211; centre sus\u021binute de Funda\u021bia Bosch Rom\u00e2nia \u2013 au primit daruri preg\u0103tite de angaja\u021bii companiei, pentru copii fiind \u00een func\u021bie de dorin\u021bele \u0219i pasiunile fiec\u0103ruia.<\/p>\n<p>\u00cen preajma Cr\u0103ciunului, seniori voluntari \u0219i copii de la Centrul Genera\u021bii Bucure\u0219ti s-au bucurat de o excursie la Sinaia: au vizitat Castelul Pele\u0219, s-au bucurat de o plimbare \u00een parcul ora\u0219ului, au luat pr\u00e2nzul \u00eempreun\u0103 \u0219i au revenit la Bucure\u0219ti cu mai mult\u0103 \u00eencredere \u0219i speran\u021b\u0103.<\/p>\n<p><strong><em>Ajutor la nivel na\u021bional prin programul Fondul pentru V\u00e2rstnici<\/em><\/strong><\/p>\n<p>La Baia Mare, Tg. Mure\u0219, Reghin, M\u0103r\u0103\u0219e\u0219ti \u0219i Sibiu, <strong>750 de seniori<\/strong> s-au bucurat de pachete de ajutor material \u0219i activit\u0103\u021bi sociale, prin interven\u021biile a \u00a0cinci (5) organiza\u021bii locale sprijinite prin programul <em>Fondul pentru V\u00e2rstnici<\/em>, valorific\u00e2nd tradi\u021biile rom\u00e2ne\u0219ti \u0219i spiritul solidarit\u0103\u021bii. Ini\u021biativele au inclus \u0219ez\u0103tori tradi\u021bionale cu copii \u0219i seniori, ateliere intergenera\u021bionale de crea\u021bie \u0219i me\u0219te\u0219uguri de Cr\u0103ciun sau participare la un T\u00e2rg Caritabil de Cr\u0103ciun, prin <em>C\u0103su\u021ba Bunicii<\/em>. Activit\u0103\u021bile au fost completate de sesiuni de dans special concepute pentru v\u00e2rstnici, spectacole interactive \u00een care seniorii au colindat al\u0103turi de copii, momente speciale preg\u0103tite de copii, dar \u0219i de ac\u021biuni concrete de sprijin pentru v\u00e2rstnicii afla\u021bi \u00een situa\u021bii de risc, prin distribuirea de pachete cu alimente \u0219i produse igienico-sanitare.<\/p>\n<p>Al\u021bi <strong>40 de seniori<\/strong> afla\u021bi \u00een situa\u021bii dificile au primit <strong>tichete sociale<\/strong> pentru a avea pe masa de Cr\u0103ciun alimentele necesare.<\/p>\n<p>O re\u021bea na\u021bional\u0103 de sprijin pentru seniori<\/p>\n<p>\u00cen anul 2025, Funda\u021bia Regal\u0103 Margareta a Rom\u00e2niei a sus\u021binut peste <strong>6.000 de v\u00e2rstnici<\/strong> \u0219i a finan\u021bat <strong>28 de ONG-uri<\/strong> care ofer\u0103 servicii sociale dedicate seniorilor: de la discu\u021bii telefonice s\u0103pt\u0103m\u00e2nale, telecluburi de socializare, recomand\u0103ri pentru \u00eengrijire sau menaj la domiciliu, pachete sociale, mese de s\u0103rb\u0103tori, ateliere de educa\u021bie digital\u0103, p\u00e2n\u0103 la implicarea lor \u00een activit\u0103\u021bi de socializare sau chiar voluntariat la centrele din comunitate.<\/p>\n<p>Cum putem ajuta \u00eempreun\u0103?<\/p>\n<p>Funda\u021bia Regal\u0103 invit\u0103 companiile s\u0103 sus\u021bin\u0103 interven\u021biile dedicate v\u00e2rstnicilor vulnerabili, prin redirec\u021bionarea a <strong>20% din impozitul pe profitul anului 2025<\/strong> sau a sumei disponibile prin <strong>Impozitul Minim pe Cifra de Afaceri (IMCA)<\/strong>, p\u00e2n\u0103 la <strong>31 decembrie 2025<\/strong>. Sponsorizarea se face f\u0103r\u0103 costuri suplimentare pentru companii, \u00een baza facilit\u0103\u021bilor fiscale existente. Suma deductibil\u0103 poate fi calculat\u0103 automat pe platforma: <a href=\"http:\/\/www.sponsorizez.ro\">www.sponsorizez.ro<\/a>.<\/p>\n<p><strong>Persoanele fizice<\/strong> pot face o <strong>dona\u021bie<\/strong> prin<strong> SMS cu textul SINGUR<\/strong> <strong>la 8844<\/strong>, pentru a contribui cu 2 Euro lunar<a href=\"\/#_ftn1\" name=\"_ftnref1\"><strong>[1]<\/strong><\/a> \u00een sus\u021binerea seniorilor vulnerabili.<\/p>\n<p>Funda\u021bia Regal\u0103 continu\u0103 s\u0103 fie un partener de \u00eencredere \u00een construirea unei comunit\u0103\u021bi solidare, \u00een care v\u00e2rstnicii singuri \u0219i vulnerabili primesc sprijinul \u0219i respectul cuvenit. <strong>Singur\u0103tatea Doare! \u00cempreun\u0103 o putem vindeca!<\/strong><\/p>\n<p>******<\/p>\n<p><strong>Ac\u021biunile \u00een sprijinul v\u00e2rstnicilor<\/strong> au fost posibile prin <strong>generozitatea partenerilor <\/strong><em>Procter &amp; Gamble Marketing,<\/em> <em>Hochland Rom\u00e2nia, Funda\u021bia Bosch Rom\u00e2nia, Mega Image, L\u0103pt\u0103ria cu Caimac, Funda\u021bia City Grill, Boromir, Albalact, Toneli, Bringo, LPP Rom\u00e2nia, Deutsche Telekom Services Europe Rom\u00e2nia, Revolut, Finastra Rom\u00e2nia, <\/em><a href=\"https:\/\/www.facebook.com\/profile.php?id=61553169185922\"><em>COCO Art Decorations<\/em><\/a><em> \u2013 Nicoleta Ion.<\/em> La ac\u021biunea de distribuire a pachetelor de Cr\u0103ciun din Bucure\u0219ti au luat parte <strong>voluntari angaja\u021bi ai companiilor <em>Adobe Rom\u00e2nia,<\/em><\/strong><strong><em> EY Rom\u00e2nia \u0219i <\/em><\/strong><strong><em>Nestle Rom\u00e2nia,<\/em><\/strong> oameni care au ales s\u0103 d\u0103ruiasc\u0103 timp, grij\u0103 \u0219i speran\u021b\u0103.<\/p>\n<p><strong>Mul\u021bumim \u0219i sponsorilor care au fost al\u0103turi, anul acesta, programelor sociale dedicate seniorilor: <\/strong><em>Hochland Rom\u00e2nia, Funda\u021bia Bosch Rom\u00e2nia, <\/em><em>Rompetrol Downstream<\/em><em>, Funda\u021bia Vodafone Rom\u00e2nia, <\/em><em>Kaufland Rom\u00e2nia, <\/em><em>Procter<\/em><em>\u00a0&amp;\u00a0<\/em><em>Gamble<\/em><em>\u00a0Marketing\u00a0<\/em><em>Romania<\/em><em>, Compania Na\u021bional\u0103 Loteria Rom\u00e2n\u0103, Johnson Wax, Yardi Rom\u00e2nia, <\/em><em>Synevo Romania, Kaeser Kompressoren, Novaintermed, Funda\u021bia City Grill, Zentiva Rom\u00e2nia, Johnson &amp; Johnson Rom\u00e2nia, Dedeman, Agrii Rom\u00e2nia, Booking Holdings Rom\u00e2nia, Garanti\u00a0BBVA.<\/em><\/p>\n<p><strong>Mul\u021bumiri aducem \u0219i partenerilor media care sus\u021bin, la final de an, campania social\u0103 dedicat\u0103 seniorilor: <\/strong>Radio Rom\u00e2nia Actualit\u0103\u021bi, Radio Rom\u00e2nia Antena Satelor, Radio Rom\u00e2nia Regional, Radio Trinitas, AGERPRES, Forbes Rom\u00e2nia, ziarul cotidian diplomatic Nine O\u2019Clock, Ziarul News, Future Economy, Zenith Media Rom\u00e2nia, New Age Media &#8211; regia de media a cinematografelor\u00a0Cinema\u00a0City, mediaTRUST Rom\u00e2nia<\/p>\n<p><strong>***<\/strong><\/p>\n<p><strong>Despre Funda\u0163ia Regal\u0103 Margareta a Rom\u00e2niei<\/strong><\/p>\n<p>Cu o experien\u021b\u0103 de 35 de ani \u00een domeniul social, Funda\u021bia Regal\u0103 Margareta a Rom\u00e2niei este una dintre pu\u021binele organiza\u021bii non-guvernamentale care deruleaz\u0103 programe dedicate seniorilor din Rom\u00e2nia. De-a lungul timpului, cu implicarea voluntarilor \u0219i mobilizarea partenerilor institu\u021bionali \u0219i a \u00eentregii comunit\u0103\u021bi, Funda\u021bia a creat diverse solu\u021bii menite s\u0103 \u00eembun\u0103t\u0103\u021beasc\u0103 vie\u021bile acestora, s\u0103 aline singur\u0103tatea, s\u0103 previn\u0103 izolarea social\u0103, ori s\u0103 creeze oportunit\u0103\u021bi pentru o via\u021b\u0103 activ\u0103. Programele \u0219i campaniile Funda\u021biei, precum re\u021beaua <em>Pentru Seniorii No\u0219tri, programele Fondul pentru V\u00e2rstnici, Centrele Genera\u021bii, Telefonul V\u00e2rstnicului, Conferin\u021ba Bune Practici pentru o B\u0103tr\u00e2ne\u021be Frumoas\u0103, proiectul Conect\u0103m Genera\u021bii \u00een Lumea Digital\u0103, <\/em>au redat demnitatea \u0219i speran\u021ba la v\u00e2rsta a treia. Mai multe detalii pe <a href=\"http:\/\/www.frmr.ro\">fundatiaregala.ro\/<\/a>.<\/p>\n<p>&nbsp;<\/p>\n<p><a href=\"\/#_ftnref1\" name=\"_ftn1\">[1]<\/a> Valoarea Dona\u021biei este de 2 Euro\/lun\u0103. Suma alocat\u0103 cauzei este de 2 Euro. Nu se percepe TVA pentru dona\u021biile de pe abonament. \u00cen re\u021belele Digi Mobil, Orange \u015fi Telekom Rom\u00e2nia Mobile, pentru cartelele prepl\u0103tite, TVA-ul a fost re\u021binut la achizi\u021bionarea creditului. Pentru dona\u021biile de pe cartele prepl\u0103tite, \u00een re\u021beaua Vodafone utilizatorii nu pl\u0103tesc TVA. Campanie realizat\u0103 cu sprijinul Digi Mobil, Orange Romania, Telekom Romania Mobile \u015fi Vodafone Romania<\/p>\n","protected":false},"excerpt":{"rendered":"<p>Peste 1.100 de seniori sprijini\u021bi de S\u0103rb\u0103tori prin ac\u021biunile Funda\u021biei Regale Margareta a Rom\u00e2niei \u00a0 Bucure\u0219ti, 22 decembrie 2025 &#8211; \u00a0Funda\u021bia Regal\u0103 Margareta a Rom\u00e2niei, \u00eempreun\u0103 cu voluntari, sponsori \u0219i donatori, a dus spiritul S\u0103rb\u0103torilor de iarn\u0103 \u00een casele v\u00e2rstnicilor vulnerabili. Prin ac\u021biuni \u00een comunitate, sprijin material \u0219i activit\u0103\u021bi menite s\u0103 aline singur\u0103tatea, organiza\u021bia a [&hellip;]<\/p>\n","protected":false},"author":1,"featured_media":37997,"comment_status":"open","ping_status":"open","sticky":false,"template":"","format":"standard","meta":{"footnotes":""},"categories":[23,33],"tags":[],"class_list":["post-37156","post","type-post","status-publish","format-standard","has-post-thumbnail","hentry","category-23","category-comunicate"],"_links":{"self":[{"href":"https:\/\/fundatiaregala.ro\/en\/wp-json\/wp\/v2\/posts\/37156","targetHints":{"allow":["GET"]}}],"collection":[{"href":"https:\/\/fundatiaregala.ro\/en\/wp-json\/wp\/v2\/posts"}],"about":[{"href":"https:\/\/fundatiaregala.ro\/en\/wp-json\/wp\/v2\/types\/post"}],"author":[{"embeddable":true,"href":"https:\/\/fundatiaregala.ro\/en\/wp-json\/wp\/v2\/users\/1"}],"replies":[{"embeddable":true,"href":"https:\/\/fundatiaregala.ro\/en\/wp-json\/wp\/v2\/comments?post=37156"}],"version-history":[{"count":1,"href":"https:\/\/fundatiaregala.ro\/en\/wp-json\/wp\/v2\/posts\/37156\/revisions"}],"predecessor-version":[{"id":37995,"href":"https:\/\/fundatiaregala.ro\/en\/wp-json\/wp\/v2\/posts\/37156\/revisions\/37995"}],"wp:featuredmedia":[{"embeddable":true,"href":"https:\/\/fundatiaregala.ro\/en\/wp-json\/wp\/v2\/media\/37997"}],"wp:attachment":[{"href":"https:\/\/fundatiaregala.ro\/en\/wp-json\/wp\/v2\/media?parent=37156"}],"wp:term":[{"taxonomy":"category","embeddable":true,"href":"https:\/\/fundatiaregala.ro\/en\/wp-json\/wp\/v2\/categories?post=37156"},{"taxonomy":"post_tag","embeddable":true,"href":"https:\/\/fundatiaregala.ro\/en\/wp-json\/wp\/v2\/tags?post=37156"}],"curies":[{"name":"wp","href":"https:\/\/api.w.org\/{rel}","templated":true}]}}